[{"@context":"https:\/\/schema.org\/","@type":"Article","@id":"https:\/\/www.top-top.cz\/jde-to-i-bez-facebooku\/#Article","mainEntityOfPage":"https:\/\/www.top-top.cz\/jde-to-i-bez-facebooku\/","headline":"Jde to i bez Facebooku?","name":"Jde to i bez Facebooku?","description":"Pamatujete si na sv\u00e9 d\u011btstv\u00ed, kdy jste na po\u010d\u00edta\u010di maxim\u00e1ln\u011b hr\u00e1li Prince z Persie nebo se propl\u00e9tali uli\u010dkami pln\u00fdch zombie nebo vrah\u016f, kter\u00e9...","datePublished":"2025-03-01","dateModified":"2023-04-29","author":{"@type":"Person","@id":"https:\/\/www.top-top.cz\/author\/#Person","name":"top-top.cz\n","url":"https:\/\/www.top-top.cz\/author\/","identifier":1,"image":{"@type":"ImageObject","@id":"https:\/\/secure.gravatar.com\/avatar\/e4532b7f65738965bbad8697e5bd54c0628af7bffe8d3c856885c44d86978cee?s=96&d=mm&r=g","url":"https:\/\/secure.gravatar.com\/avatar\/e4532b7f65738965bbad8697e5bd54c0628af7bffe8d3c856885c44d86978cee?s=96&d=mm&r=g","height":96,"width":96}},"publisher":{"@type":"Organization","name":"top-top.cz","logo":{"@type":"ImageObject","@id":"\/logo.png","url":"\/logo.png","width":600,"height":60}},"image":{"@type":"ImageObject","@id":"https:\/\/www.top-top.cz\/wp-content\/uploads\/img_a302114_w1984_t1512059826.jpg","url":"https:\/\/www.top-top.cz\/wp-content\/uploads\/img_a302114_w1984_t1512059826.jpg","height":0,"width":0},"url":"https:\/\/www.top-top.cz\/jde-to-i-bez-facebooku\/","about":["Web"],"wordCount":414,"articleBody":" Pamatujete si na sv\u00e9 d\u011btstv\u00ed, kdy jste na po\u010d\u00edta\u010di maxim\u00e1ln\u011b hr\u00e1li Prince z Persie nebo se propl\u00e9tali uli\u010dkami pln\u00fdch zombie nebo vrah\u016f, kter\u00e9 jste museli zast\u0159elit d\u0159\u00edve, ne\u017e zni\u010d\u00ed oni V\u00e1s? Kdy V\u00e1m nejl\u011bp\u0161\u00ed virtu\u00e1ln\u00ed kamar\u00e1d byl Mario \u010di Duke Nukem? Ale jinak jste tr\u00e1vili odpoledne po \u0161kole venku s kamar\u00e1dy a po\u010d\u00edta\u010d jste m\u011bli jen za odm\u011bnu?Te\u010f u\u017e je to bohu\u017eel jinak, v\u0161ichni to vid\u00edme. D\u011bti v \u010dek\u00e1rn\u00e1ch u doktora sed\u00ed v tichosti u mobiln\u00edch telefon\u016f a bu\u010f hraj\u00ed hry anebo proj\u00ed\u017ed\u00ed facebook. Dovedete si p\u0159edstavit, \u017ee by dne\u0161n\u00ed modern\u00ed d\u011bti \u017eili stejn\u011b jako my p\u0159ed t\u011bmi X lety? Mysl\u00edte, \u017ee by to zvl\u00e1dli i bez soci\u00e1ln\u00edch s\u00edt\u00ed a chytr\u00fdch mobil\u016f? Jedna d\u00e1nsk\u00e1 organizace provedla v\u00fdzkum z\u00e1vislosti lid\u00ed na Facebooku a v\u00fdsledek nebyl pro odborn\u00edky nikterak p\u0159ekvapiv\u00fd. Uk\u00e1zalo se toti\u017e, \u017ee lid\u00e9, kter\u00fdm byl na t\u00fdden zak\u00e1z\u00e1n p\u0159\u00edstup na facebook, vykazovali vy\u0161\u0161\u00ed hodnoty \u0161t\u011bst\u00ed. Je toti\u017e fakt, \u017ee u\u017eivatel\u00e9 internetu v\u00edce podl\u00e9haj\u00ed depres\u00edm, i kdy\u017e na prvn\u00ed pohled to nen\u00ed znateln\u00e9. Probl\u00e9m je toti\u017e v tom, \u017ee lid\u00e9 se prost\u0159ednictv\u00edm soci\u00e1ln\u00edch s\u00edt\u00ed stimuluj\u00ed, na \u010dem\u017e se st\u00e1vaj\u00ed z\u00e1visl\u00ed a dlouhodob\u00e1 neosobn\u00ed komunikace podporuje depresivn\u00ed vztahy. Hodn\u011b z\u00e1le\u017e\u00ed na tom, zda je pro jedince internet prost\u0159edkem ke komunikaci \u010di samostatn\u00e9 pr\u00e1ci. Je prok\u00e1z\u00e1no, \u017ee \u010d\u00edm v\u00edce se \u010dlov\u011bk c\u00edt\u00ed nejist\u00fd, t\u00edm v\u00edce sd\u00edl\u00ed sv\u00e9 soukrom\u00ed s ostatn\u00edmi, pr\u00e1v\u011b nap\u0159\u00edklad prost\u0159ednictv\u00edm facebooku a \u010dasto se nap\u0159\u00edklad chlub\u00ed t\u00edm, co dok\u00e1zali, jak jsou zamilovan\u00ed a co se jim povedlo. \u010castokr\u00e1t jsou tyhle situace teprve ve v\u00fdvoji a \u010dlov\u011bk t\u00edm d\u00e1v\u00e1 najevo to, jak by cht\u011bl, aby to v\u0161echno dopadlo, a pot\u00e9 se na to psychicky fixuje a \u0161patn\u00fd v\u00fdsledek ho jen v\u00edce sraz\u00ed na kolena, ne\u017e kdyby o tom nikomu ne\u0159ekl. Podle statistik tr\u00e1v\u00ed na facebooku lid\u00e9 pr\u016fm\u011brn\u011b 2,5 hodiny denn\u011b a pouh\u00e9 3 procenta s p\u0159\u00edstupem na internet soci\u00e1ln\u00ed s\u00edt\u011b nevyu\u017e\u00edvaj\u00ed. Ale co se vlastn\u011b stalo, \u017ee je dne\u0161n\u00ed doba dobou virtu\u00e1ln\u00ed ?                                                                                                                                                                                                                                                                                                                                                                                        4.2\/5 - (5 votes)        "},{"@context":"https:\/\/schema.org\/","@type":"BreadcrumbList","itemListElement":[{"@type":"ListItem","position":1,"name":"Jde to i bez Facebooku?","item":"https:\/\/www.top-top.cz\/jde-to-i-bez-facebooku\/#breadcrumbitem"}]}]