[{"@context":"https:\/\/schema.org\/","@type":"Article","@id":"https:\/\/www.top-top.cz\/hlavne-to-sirte-dal-drazi-volici\/#Article","mainEntityOfPage":"https:\/\/www.top-top.cz\/hlavne-to-sirte-dal-drazi-volici\/","headline":"Hlavn\u011b to \u0161i\u0159te d\u00e1l, draz\u00ed voli\u010di!","name":"Hlavn\u011b to \u0161i\u0159te d\u00e1l, draz\u00ed voli\u010di!","description":"U\u017e jsou d\u00e1vno pry\u010d \u010dasy, kdy panovn\u00edkovi sta\u010dilo jen dob\u0159e vypadat a nespadnout z\u00a0kon\u011b dol\u016f \u2013 je\u0161t\u011b d\u00e1l jsou ty \u010dasy, kdy volba...","datePublished":"2025-03-03","dateModified":"2023-04-29","author":{"@type":"Person","@id":"https:\/\/www.top-top.cz\/author\/#Person","name":"top-top.cz\n","url":"https:\/\/www.top-top.cz\/author\/","identifier":1,"image":{"@type":"ImageObject","@id":"https:\/\/secure.gravatar.com\/avatar\/e4532b7f65738965bbad8697e5bd54c0628af7bffe8d3c856885c44d86978cee?s=96&d=mm&r=g","url":"https:\/\/secure.gravatar.com\/avatar\/e4532b7f65738965bbad8697e5bd54c0628af7bffe8d3c856885c44d86978cee?s=96&d=mm&r=g","height":96,"width":96}},"publisher":{"@type":"Organization","name":"top-top.cz","logo":{"@type":"ImageObject","@id":"\/logo.png","url":"\/logo.png","width":600,"height":60}},"image":{"@type":"ImageObject","@id":"https:\/\/www.top-top.cz\/wp-content\/uploads\/img_a304689_w1984_t1515961346.jpg","url":"https:\/\/www.top-top.cz\/wp-content\/uploads\/img_a304689_w1984_t1515961346.jpg","height":0,"width":0},"url":"https:\/\/www.top-top.cz\/hlavne-to-sirte-dal-drazi-volici\/","about":["Web"],"wordCount":451,"articleBody":"U\u017e jsou d\u00e1vno pry\u010d \u010dasy, kdy panovn\u00edkovi sta\u010dilo jen dob\u0159e vypadat a nespadnout z\u00a0kon\u011b dol\u016f \u2013 je\u0161t\u011b d\u00e1l jsou ty \u010dasy, kdy volba prezidenta n\u00e1le\u017eela Parlamentu. Dnes u\u017e se kandid\u00e1ti mus\u00ed sna\u017eit o v\u00edc ne\u017e o dv\u011b st\u011b osmdes\u00e1t jedna du\u0161\u00ed naslouchaj\u00edc\u00edch tak n\u011bjak na p\u016fl ucho. Dnes u\u017e kandid\u00e1t\u016fm nesta\u010d\u00ed ani vyj\u00edt do ulic a ob\u010das si koupit trdeln\u00edk nebo pot\u011b\u0161it starou babi\u010dku na ulici podpisem. Dnes se mus\u00ed p\u0159emlouvat lidi hlavn\u011b na soci\u00e1ln\u00edch s\u00edt\u00edch, pronikat do nejr\u016fzn\u011bj\u0161\u00edch soci\u00e1ln\u00edch skupin a bublin a jde tu hlavn\u011b o ty views!\u00a0U\u017e parlamentn\u00ed volby uk\u00e1zaly, \u017ee strana s\u00a0nejlep\u0161\u00edm PR t\u00fdmem a s\u00a0nejlep\u0161\u00edm \u201emarketingem\u201c zaru\u010den\u011b vyhraje, proto\u017ee nebudeme si lh\u00e1t, \u010dlov\u011bk je tvor lehce om\u00e1men\u00fd. Budoucnost a na\u0161e \u201evl\u00e1dce\u201c si vyb\u00edr\u00e1me sp\u00ed\u0161e jako ovoce \u010di zeleninu v\u00a0obchod\u011b, na z\u00e1klad\u011b toho, jak se n\u00e1m kdo l\u00edb\u00ed, kdo je p\u011bkn\u011b od\u011bn a zkr\u00e1tka jak\u00fd obraz sebe sama prezentuje na internetu, ve zpr\u00e1v\u00e1ch a na reklamn\u00edch plo\u0161in\u00e1ch. A lid\u00e9 se t\u00e9to formy propagace v\u016fbec neboj\u00ed, n\u011bkte\u0159\u00ed jsou r\u00e1di, kdy\u017e vid\u00ed na sv\u00e9 str\u00e1nce soci\u00e1ln\u00ed s\u00edt\u011b, jak je jednotliv\u00ed kandid\u00e1ti na kolenou a s\u00a0plnou dlan\u00ed p\u0159emlouvaj\u00ed, a\u0165 jim daj\u00ed ten jejich cen\u011bn\u00fd hlas. Vytv\u00e1\u0159\u00ed to jistou iluzi, \u017ee je tu skute\u010dn\u011b demokratick\u00fd po\u0159\u00e1dek, jak\u00fd mus\u00ed b\u00fdt, a tedy \u017ee ob\u010dan, to je p\u00e1n.\u00a0Internet, a hlavn\u011b soci\u00e1ln\u00ed s\u00edt\u011b, na kter\u00fdch je z\u00e1visl\u00e1 nejv\u011bt\u0161\u00ed \u010d\u00e1st obyvatelstva, p\u0159\u00edmo buj\u00ed l\u00edbiv\u00fdmi reklamami a kr\u00e1tk\u00fdmi volebn\u00edmi spoty a u n\u011bkter\u00fdch kandid\u00e1t\u016f kreativita nezn\u00e1 mez\u00ed. Sd\u00edlej\u00ed a pou\u0161t\u00ed do \u00e9teru v\u0161echno, co by mohlo voli\u010de zaujmout a hlavn\u011b \u2013 donutit ho sd\u00edlet. To je pr\u00e1v\u011b to prav\u00e9 o\u0159echov\u00e9, co v\u0161ichni cht\u011bj\u00ed, aby jejich hlas a obraz pronikl do t\u011bch uzav\u0159en\u00fdch spole\u010densk\u00fdch bublin, kter\u00e9 kolem sebe m\u00e1me a aby se o nich mluvilo.\u00a0Jestli je to dob\u0159e nebo \u0161patn\u011b, netu\u0161\u00edm. Ono zablokovat si to nen\u00ed a\u017e tak t\u011b\u017ek\u00e9 a kdy\u017e se d\u00edv\u00e1m na n\u011bkter\u00e9 komentuj\u00edc\u00ed, kte\u0159\u00ed horliv\u011b p\u00ed\u0161\u00ed, jak si oni nic takov\u00e9ho zobrazit nep\u0159\u00e1li a a\u0165 t\u00e1hne ta pak\u00e1\u017e politick\u00e1, je mi jasn\u00e9, \u017ee n\u011bkter\u00fdm lidem a jejich egu to p\u0159\u00edmo lahod\u00ed.                                                                                                                                                                                                                                                                                                                                                                                        4.7\/5 - (8 votes)        "},{"@context":"https:\/\/schema.org\/","@type":"BreadcrumbList","itemListElement":[{"@type":"ListItem","position":1,"name":"Hlavn\u011b to \u0161i\u0159te d\u00e1l, draz\u00ed voli\u010di!","item":"https:\/\/www.top-top.cz\/hlavne-to-sirte-dal-drazi-volici\/#breadcrumbitem"}]}]