[{"@context":"https:\/\/schema.org\/","@type":"Article","@id":"https:\/\/www.top-top.cz\/budete-v-suchu\/#Article","mainEntityOfPage":"https:\/\/www.top-top.cz\/budete-v-suchu\/","headline":"Budete v suchu","name":"Budete v suchu","description":"Jaro a l\u00e9to n\u00e1m nab\u00edz\u00ed kr\u00e1sn\u00e9 m\u011bs\u00edce pln\u00e9 tepl\u00e9ho po\u010das\u00ed a dlouh\u00fdch dn\u016f. Ne nadarmo se b\u011bhem nich kon\u00e1 nejv\u00edce akc\u00ed, a nav\u00edc...","datePublished":"2024-03-16","dateModified":"2024-04-17","author":{"@type":"Person","@id":"https:\/\/www.top-top.cz\/author\/#Person","name":"top-top.cz\n","url":"https:\/\/www.top-top.cz\/author\/","identifier":1,"image":{"@type":"ImageObject","@id":"https:\/\/secure.gravatar.com\/avatar\/e4532b7f65738965bbad8697e5bd54c0628af7bffe8d3c856885c44d86978cee?s=96&d=mm&r=g","url":"https:\/\/secure.gravatar.com\/avatar\/e4532b7f65738965bbad8697e5bd54c0628af7bffe8d3c856885c44d86978cee?s=96&d=mm&r=g","height":96,"width":96}},"publisher":{"@type":"Organization","name":"top-top.cz","logo":{"@type":"ImageObject","@id":"\/logo.png","url":"\/logo.png","width":600,"height":60}},"image":{"@type":"ImageObject","@id":"https:\/\/www.top-top.cz\/wp-content\/uploads\/pexels-thrissurkaran-photography-18864880(1).jpg","url":"https:\/\/www.top-top.cz\/wp-content\/uploads\/pexels-thrissurkaran-photography-18864880(1).jpg","height":0,"width":0},"url":"https:\/\/www.top-top.cz\/budete-v-suchu\/","about":["Web"],"wordCount":397,"articleBody":"   Jaro a l\u00e9to n\u00e1m nab\u00edz\u00ed kr\u00e1sn\u00e9 m\u011bs\u00edce pln\u00e9 tepl\u00e9ho po\u010das\u00ed a dlouh\u00fdch dn\u016f. Ne nadarmo se b\u011bhem nich kon\u00e1 nejv\u00edce akc\u00ed, a nav\u00edc venku. Koncerty, festivaly, ale i r\u016fzn\u00e9 srazy nebo rodinn\u00e9 oslavy a svatby, to v\u0161echno se kon\u00e1 pod \u0161ir\u00fdm nebem. Byla by \u0161koda nevyu\u017e\u00edt hezk\u00e9 po\u010das\u00ed, kdy\u017e ho m\u00e1me k dispozici. Zejm\u00e9na svatby se posledn\u00ed roky konaj\u00ed p\u0159ev\u00e1\u017en\u011b venku. Zahradn\u00ed s\u00e1ly nebo stodoly jsou kr\u00e1sn\u00fdmi m\u00edsty, ve kter\u00fdch se opravdu d\u00e1 vykouzlit jedine\u010dn\u00e1 atmosf\u00e9ra.Po\u010das\u00ed je opravdu prom\u011bnliv\u00e9, a pokud chyst\u00e1te oslavu nebo svatbu venku, m\u011bli byste m\u00edt zaji\u0161t\u011bn\u00fd nap\u0159\u00edklad stan, ve kter\u00e9m v\u00e1m nebude vadit ani p\u0159eh\u00e1\u0148ka. P\u016fj\u010dovna p\u00e1rty stan\u016f v\u00e1m m\u016f\u017ee usnadnit pl\u00e1nov\u00e1n\u00ed jak\u00e9koliv akce, kterou budete po\u0159\u00e1dat. Pro\u010d si vybrat stan? Ve sv\u011bt\u011b jsou akce konan\u00e9 pod stanem popul\u00e1rn\u00ed, proto\u017ee jak\u00e1koliv akce, a\u0165 u\u017e svatba nebo oslava narozenin bude vypadat hezky. Jedin\u00e9 co je nutn\u00e9 promyslet, je v\u00fdzdoba. Stan je ide\u00e1ln\u00ed \u0159e\u0161en\u00ed, proto\u017ee pokud si nejste jisti po\u010das\u00edm, je vhodn\u00e9 m\u00edt se kam uch\u00fdlit v p\u0159\u00edpad\u011b \u017ee po\u010das\u00ed opravdu nevyjde.Pod\u00edvejte se na zahrani\u010dn\u00ed svatby, jist\u011b na fotografi\u00edch uvid\u00edte spousty svateb pod stany, kter\u00e9 v\u00e1s rozhodn\u011b zaujmou. Pod stan se d\u00edky jeho velikosti vejdou nejen v\u0161ichni va\u0161i host\u00e9, ale i stoly, \u017eidle a dal\u0161\u00ed posezen\u00ed, p\u0159\u00edpadn\u011b i cel\u00fd tane\u010dn\u00ed parket. N\u011bkter\u00e9 stany jsou opravdu obrovsk\u00e9, ale k dispozici b\u00fdvaj\u00ed i men\u0161\u00ed stany. Jak\u00fdkoliv stan pot\u0159ebujete, ten si m\u016f\u017eete vyp\u016fj\u010dit. K dispozici samoz\u0159ejm\u011b b\u00fdvaj\u00ed i podlahy nebo n\u00e1bytek.Pro\u017e\u00edt svou svatbu nebo rodinnou oslavu m\u016f\u017eete i za de\u0161t\u011b. V\u011bt\u0161ina lid\u00ed chce samoz\u0159ejm\u011b slunce a teplo, ale ne v\u017edycky to vyjde. Abyste nemuseli dlouho o\u010dek\u00e1vanou akci odkl\u00e1dat nebo dokonce ru\u0161it, ur\u010dit\u011b m\u011bjte v z\u00e1loze pr\u00e1v\u011b stan, d\u00edky kter\u00e9mu bude v\u0161echno such\u00e9 a kam se schovaj\u00ed v\u0161ichni host\u00e9. Po\u010das\u00ed neporu\u010d\u00edte, ale za\u0159\u00eddit se podle n\u011bho m\u016f\u017eete.                                                                                                                                                                                                                                                                                                                                                                                          4.1\/5 - (8 votes)        "},{"@context":"https:\/\/schema.org\/","@type":"BreadcrumbList","itemListElement":[{"@type":"ListItem","position":1,"name":"Budete v suchu","item":"https:\/\/www.top-top.cz\/budete-v-suchu\/#breadcrumbitem"}]}]